{"id":2820,"date":"2026-03-17T15:38:49","date_gmt":"2026-03-17T15:38:49","guid":{"rendered":"https:\/\/interactivehpc.dk\/?p=2820"},"modified":"2026-03-24T09:43:59","modified_gmt":"2026-03-24T09:43:59","slug":"nyt-datacenter-til-ucloud-hvad-betyder-det-for-dig","status":"publish","type":"post","link":"https:\/\/interactivehpc.dk\/?p=2820&lang=da","title":{"rendered":"Nyt\u00a0datacenter\u00a0til\u00a0UCloud\u00a0\u2013\u00a0hvad\u00a0betyder\u00a0det for dig?\u00a0"},"content":{"rendered":"\n<p class=\"gp-gutenbergpro-9a3ae\">Et nyt datacenter til UCloud \u00e5bner snart. Det betyder nedetid i slutningen af april\/starten af maj og \u2013 for nogle brugere \u2013 behov for at flytte data.<\/p>\n\n\n\n<p class=\"gp-gutenbergpro-1635e\">Datacentret etableres i et samarbejde mellem SDU, Danfoss og Hewlett Packard Enterprise (HPE) og vil fremover huse hardwaren bag DeiC Interactive HPC \u2013 UCloud. Samtidig opgraderes infrastrukturen med ny og mere kraftfuld hardware. <\/p>\n\n\n\n<p class=\"gp-gutenbergpro-81474\">UCloud-infrastrukturen samles dermed i \u00e9t datacenter i stedet for at v\u00e6re fordelt mellem SDU og AAU. Overgangen kan f\u00e5 betydning for dig som bruger. Her f\u00e5r du et overblik over, hvad du skal v\u00e6re opm\u00e6rksom p\u00e5. <\/p>\n\n\n\n<h5 class=\"wp-block-heading gp-gutenbergpro-5e967\">Kort nedetid under flytningen<\/h5>\n\n\n\n<p class=\"gp-gutenbergpro-4c19e\">N\u00e5r systemet migreres til det nye datacenter i slutningen af april 2026, vil alle tjenester v\u00e6re midlertidigt utilg\u00e6ngelige, indtil migreringen er fuldf\u00f8rt. Det nye datacenter forventes at v\u00e6re fuldt operationelt i begyndelsen af maj 2026. Pr\u00e6cise datoer og yderligere information fremg\u00e5r af <a href=\"https:\/\/docs.cloud.sdu.dk\/intro\/new_datacenter.html#sphx-glr-new-datacenter\" data-type=\"link\" data-id=\"https:\/\/docs.cloud.sdu.dk\/intro\/new_datacenter.html#sphx-glr-new-datacenter\" target=\"_blank\" rel=\"noreferrer noopener\">UCloud-dokumentationen.<\/a><\/p>\n\n\n\n<h5 class=\"wp-block-heading gp-gutenbergpro-7cd6e\">Flytning af data  <\/h5>\n\n\n\n<p class=\"gp-gutenbergpro-db89b\">Hvis dine data ligger i SDU\/K8s, bliver de automatisk flyttet til det nye datacenter under migreringen. Du skal derfor ikke foretage dig noget. <\/p>\n\n\n\n<div class=\"wp-block-columns gp-gutenbergpro-2585b is-layout-flex wp-container-core-columns-is-layout-9d6595d7 wp-block-columns-is-layout-flex\">\n<div class=\"wp-block-column gp-gutenbergpro-2b869 is-layout-flow wp-block-column-is-layout-flow\">\n<h5 class=\"wp-block-heading gp-gutenbergpro-3bfb4\">\u26a0\ufe0f <strong>S\u00e6rligt for brugere med data i Aalborg (AAU)<\/strong> \u26a0\ufe0f<\/h5>\n\n\n\n<p class=\"gp-gutenbergpro-bd1f1\">Hvis du har data i AAU\/K8s eller AAU\/VM, bliver de ikke flyttet automatisk. Disse data skal flyttes til SDU\/K8s<strong> f\u00f8r 27. april 2026, ellers vil de g\u00e5 tabt<\/strong>. Husk at flytning af data kan tage tid, s\u00e5 det er en god id\u00e9 at planl\u00e6gge derefter. <\/p>\n\n\n\n<p class=\"gp-gutenbergpro-15d03\"><a href=\"https:\/\/docs.cloud.sdu.dk\/intro\/new_datacenter.html#sphx-glr-new-datacenter\">Se vores guide til, hvordan du flytter dine data.<\/a><\/p>\n<\/div>\n<\/div>\n\n\n\n<h5 class=\"wp-block-heading gp-gutenbergpro-1d743\">Alle compute-allokationer udl\u00f8ber  <\/h5>\n\n\n\n<p class=\"gp-gutenbergpro-81948\">I forbindelse med overgangen til det nye system <strong>udl\u00f8ber alle eksisterende compute-allokationer den 30. april 2026. <\/strong>Det sker automatisk som en del af migreringen til den nye infrastruktur. <\/p>\n\n\n\n<p class=\"gp-gutenbergpro-99cda\"><strong>Procedurer kan variere fra universitet til universitet<\/strong> <\/p>\n\n\n\n<p class=\"gp-gutenbergpro-62530\">Proceduren for nye allokeringer p\u00e5 det nye datacenter fastl\u00e6gges af dit universitet, og tildeling af compute-ressourcer h\u00e5ndteres af universitetets lokale DeiC front office. <\/p>\n\n\n\n<p class=\"gp-gutenbergpro-1d363\">Er du i tvivl om proceduren, anbefaler vi derfor, at du kontakter <a href=\"https:\/\/interactivehpc.dk\/?page_id=1825&amp;lang=da\" data-type=\"page\" data-id=\"1825\">dit lokale DeiC front office<\/a>.<\/p>\n\n\n\n<p class=\"gp-gutenbergpro-0272c\">For yderligere information, vigtige datoer og tidsplan, se <a href=\"https:\/\/docs.cloud.sdu.dk\/intro\/new_datacenter.html#sphx-glr-new-datacenter\" target=\"_blank\" rel=\"noreferrer noopener\">SDU\u2019s documentation<\/a>.<\/p>\n\n\n\n<h5 class=\"wp-block-heading gp-gutenbergpro-5ee61\"><strong>Mere regnekraft \u2013 og et enklere system at bruge<\/strong> <\/h5>\n\n\n\n<p class=\"gp-gutenbergpro-be0cd\">I det nye datacenter f\u00e5r UCloud ny og mere kraftfuld hardware, som giver forskere bedre muligheder for at arbejde med store datas\u00e6t, avancerede beregninger og AI.<\/p>\n\n\n\n<p class=\"gp-gutenbergpro-c9cac\">Samtidig bliver det lettere at v\u00e6lge de rigtige ressourcer. Hvor der tidligere fandtes flere forskellige maskintyper, skal brugere nu blot v\u00e6lge mellem to typer compute: <\/p>\n\n\n\n<ul class=\"wp-block-list\">\n<li><strong>CPU<\/strong> &#8211; til almindelige beregninger <\/li>\n<\/ul>\n\n\n\n<ul class=\"wp-block-list\">\n<li><strong>GPU<\/strong> &#8211; til opgaver som fx AI og avanceret databehandling <\/li>\n<\/ul>\n\n\n\n<p class=\"gp-gutenbergpro-bad22\">Den enklere opdeling g\u00f8r det hurtigere og mere overskueligt at s\u00f8ge om og bruge regnekraft, s\u00e5 forskere kan fokusere mere p\u00e5 deres analyser og mindre p\u00e5 tekniske valg. <\/p>\n\n\n\n<p class=\"gp-gutenbergpro-347e2\">Det nye datacenter er samtidig designet med fokus p\u00e5 energieffektiv drift. I samarbejde med Danfoss og HPE anvendes avancerede k\u00f8le- og varmegenvindingssystemer, der g\u00f8r det muligt at genbruge overskudsvarme og reducere energiforbruget. <\/p>\n\n\n\n<p class=\"gp-gutenbergpro-c1f29\">Initiativet indg\u00e5r i ProjectZero i S\u00f8nderborg, som arbejder for at g\u00f8re omr\u00e5dets energisystem CO\u2082-neutralt i 2029. <\/p>\n\n\n\n<p class=\"gp-gutenbergpro-f5612\">L\u00e6s mere om det nye datacenter <a href=\"https:\/\/interactivehpc.dk\/?p=2457&amp;lang=da\" data-type=\"post\" data-id=\"2457\">her<\/a>.<br><\/p>\n","protected":false},"excerpt":{"rendered":"<p>Et nyt datacenter til UCloud \u00e5bner snart. Det betyder nedetid i slutningen af april\/starten af maj og \u2013 for nogle brugere \u2013 behov for at flytte data. Datacentret etableres i et samarbejde mellem SDU, Danfoss og Hewlett Packard Enterprise (HPE) og vil fremover huse hardwaren bag DeiC Interactive HPC \u2013 UCloud. Samtidig opgraderes infrastrukturen med [&hellip;]<\/p>\n","protected":false},"author":1,"featured_media":2818,"comment_status":"closed","ping_status":"closed","sticky":false,"template":"","format":"standard","meta":{"gtp_columnspro_styling":"{\"ef2bee62-855a-4712-964d-f0811e1b3343\":\".gp-gutenbergpro-2b869 { position:relative; background-image: linear-gradient(rgba(238,238,238,1), rgba(238,238,238,1));\\nbackground-position-x: 50%;\\nbackground-position-y: 50%;\\nbackground-size: cover;\\ngap: 3%;\\nmin-height: 0px; }  \",\"c2e12bb0-2229-40ab-8ee6-3600cb5ef16f\":\".gp-gutenbergpro-2585b { position:relative; background-position-x: 50%;\\nbackground-position-y: 50%;\\nbackground-size: cover;\\ngap: 3%;\\nmin-height: 0px; }  .gp-gutenbergpro-2585b .wp-block-column { padding: 20px 20px 20px 20px !important;\\nmargin-left: 0 !important; }\"}","gtp_paragraph_styling":"{\"f5612761-1e1f-471c-9242-41f0fcda4005\":\" .gp-gutenbergpro-f5612 { background-position-x: 50%;\\nbackground-position-y: 50%;\\nbackground-size: cover;\\nheight: px; }\",\"be0cdf0c-6015-4cff-8fa3-c4882a1bd9c3\":\" .gp-gutenbergpro-be0cd { background-position-x: 50%;\\nbackground-position-y: 50%;\\nbackground-size: cover;\\nheight: px; }\"}","gtp_heading_styling":"{\"5ee61a02-ac05-4a10-ae6c-6169666df9c2\":\" .gp-gutenbergpro-5ee61 { background-position-x: 50%;\\nbackground-position-y: 50%;\\nbackground-size: cover;\\nletter-spacing: 0px !important;\\ntext-shadow: 0px 0px 0px ;\\nfont-family:  !important; }\"}","gtp_spacer_styling":"{}","gtp_video_styling":"{}","gtp_group_styling":"{}","gtp_cover_styling":"{}","footnotes":""},"categories":[105,113,126],"tags":[],"class_list":["post-2820","post","type-post","status-publish","format-standard","has-post-thumbnail","hentry","category-interactive-hpc___da","category-ucloud___da","category-ucloud-driftsstatus___da"],"lang":"da","translations":{"da":2820,"en":2799},"pll_sync_post":[],"_links":{"self":[{"href":"https:\/\/interactivehpc.dk\/index.php?rest_route=\/wp\/v2\/posts\/2820","targetHints":{"allow":["GET"]}}],"collection":[{"href":"https:\/\/interactivehpc.dk\/index.php?rest_route=\/wp\/v2\/posts"}],"about":[{"href":"https:\/\/interactivehpc.dk\/index.php?rest_route=\/wp\/v2\/types\/post"}],"author":[{"embeddable":true,"href":"https:\/\/interactivehpc.dk\/index.php?rest_route=\/wp\/v2\/users\/1"}],"replies":[{"embeddable":true,"href":"https:\/\/interactivehpc.dk\/index.php?rest_route=%2Fwp%2Fv2%2Fcomments&post=2820"}],"version-history":[{"count":6,"href":"https:\/\/interactivehpc.dk\/index.php?rest_route=\/wp\/v2\/posts\/2820\/revisions"}],"predecessor-version":[{"id":2837,"href":"https:\/\/interactivehpc.dk\/index.php?rest_route=\/wp\/v2\/posts\/2820\/revisions\/2837"}],"wp:featuredmedia":[{"embeddable":true,"href":"https:\/\/interactivehpc.dk\/index.php?rest_route=\/wp\/v2\/media\/2818"}],"wp:attachment":[{"href":"https:\/\/interactivehpc.dk\/index.php?rest_route=%2Fwp%2Fv2%2Fmedia&parent=2820"}],"wp:term":[{"taxonomy":"category","embeddable":true,"href":"https:\/\/interactivehpc.dk\/index.php?rest_route=%2Fwp%2Fv2%2Fcategories&post=2820"},{"taxonomy":"post_tag","embeddable":true,"href":"https:\/\/interactivehpc.dk\/index.php?rest_route=%2Fwp%2Fv2%2Ftags&post=2820"}],"curies":[{"name":"wp","href":"https:\/\/api.w.org\/{rel}","templated":true}]}}